{"id":11059,"date":"2023-12-12T11:29:38","date_gmt":"2023-12-12T10:29:38","guid":{"rendered":"http:\/\/takmicari-gen.codeit-dev.com\/?p=11059"},"modified":"2023-12-12T11:29:38","modified_gmt":"2023-12-12T10:29:38","slug":"laureati-vojvodine-talenti-2023-konkurs-do-utorka-31-oktobra-2023-2","status":"publish","type":"post","link":"http:\/\/takmicarigeneracije.gov.rs\/sr-latn\/laureati-vojvodine-talenti-2023-konkurs-do-utorka-31-oktobra-2023-2\/","title":{"rendered":"Laureati Vojvodine &#8211; Talenti 2023 &#8211; Konkurs  do utorka 31. oktobra 2023."},"content":{"rendered":"<p>U okviru pilot projekta, a na osnovu javno dostupnih informacija, koji su negde prethodno ve\u0107 objavljeni,<\/p>\n<p>prepoznali smo, po nama, 29 najuspe\u0161nijih u\u010denika Vojvodine generacije 2008<\/p>\n<p>http:\/\/takmicarigeneracije.gov.rs\/dekoracije\/regioni\/vojvodina\/<\/p>\n<p>&nbsp;<\/p>\n<p>Vlada Vojvodine raspisala je konkurs za nagra\u0111ivanje najboljih u\u010denika osnovnih i srednjih \u0161kola Vojvodine.<\/p>\n<p>Spisak pro\u0161logodi\u0161njih dobitnika ( 347 dobitnika ) mo\u017eete videti ovde<\/p>\n<p><a href=\"https:\/\/sio.vojvodina.gov.rs\/wp-content\/uploads\/2023\/03\/Talenti-2022.pdf\">https:\/\/sio.vojvodina.gov.rs\/wp-content\/uploads\/2023\/03\/Talenti-2022.pdf<\/a><\/p>\n<p>&nbsp;<\/p>\n<p>&nbsp;<\/p>\n<blockquote class=\"wp-embedded-content\" data-secret=\"QZzoatUrMO\"><p><a href=\"https:\/\/sio.vojvodina.gov.rs\/talenti-2023\/\">\u0422\u0430\u043b\u0435\u043d\u0442\u0438 2023<\/a><\/p><\/blockquote>\n<p><iframe class=\"wp-embedded-content\" sandbox=\"allow-scripts\" security=\"restricted\" style=\"position: absolute; visibility: hidden;\" title=\"&#132;\u0422\u0430\u043b\u0435\u043d\u0442\u0438 2023&#147; &#8212; \u041f\u043e\u043a\u0440\u0430\u0458\u0438\u043d\u0441\u043a\u0438 \u0441\u0435\u043a\u0440\u0435\u0442\u0430\u0440\u0438\u0458\u0430\u0442 \u0437\u0430 \u0441\u043f\u043e\u0440\u0442 \u0438 \u043e\u043c\u043b\u0430\u0434\u0438\u043d\u0443\" src=\"https:\/\/sio.vojvodina.gov.rs\/talenti-2023\/embed\/#?secret=ca9H1qInLO#?secret=QZzoatUrMO\" data-secret=\"QZzoatUrMO\" width=\"600\" height=\"338\" frameborder=\"0\" marginwidth=\"0\" marginheight=\"0\" scrolling=\"no\"><\/iframe><\/p>\n<p>&nbsp;<\/p>\n<p>&nbsp;<\/p>\n<blockquote class=\"wp-embedded-content\" data-secret=\"MYgoOa9UQf\"><p><a href=\"https:\/\/sio.vojvodina.gov.rs\/laureati-apv\/\">\u041b\u0430\u0443\u0440\u0435\u0430\u0442\u0438 \u0410\u041f\u0412<\/a><\/p><\/blockquote>\n<p><iframe class=\"wp-embedded-content\" sandbox=\"allow-scripts\" security=\"restricted\" style=\"position: absolute; visibility: hidden;\" title=\"&#132;\u041b\u0430\u0443\u0440\u0435\u0430\u0442\u0438 \u0410\u041f\u0412&#147; &#8212; \u041f\u043e\u043a\u0440\u0430\u0458\u0438\u043d\u0441\u043a\u0438 \u0441\u0435\u043a\u0440\u0435\u0442\u0430\u0440\u0438\u0458\u0430\u0442 \u0437\u0430 \u0441\u043f\u043e\u0440\u0442 \u0438 \u043e\u043c\u043b\u0430\u0434\u0438\u043d\u0443\" src=\"https:\/\/sio.vojvodina.gov.rs\/laureati-apv\/embed\/#?secret=VhfHxWFr7r#?secret=MYgoOa9UQf\" data-secret=\"MYgoOa9UQf\" width=\"600\" height=\"338\" frameborder=\"0\" marginwidth=\"0\" marginheight=\"0\" scrolling=\"no\"><\/iframe><\/p>\n<p>&nbsp;<\/p>\n<p>&nbsp;<\/p>\n","protected":false},"excerpt":{"rendered":"<p>U okviru pilot projekta, a na osnovu javno dostupnih informacija, koji su negde prethodno ve\u0107 objavljeni, prepoznali smo, po nama, 29 najuspe\u0161nijih u\u010denika Vojvodine generacije 2008 http:\/\/takmicarigeneracije.gov.rs\/dekoracije\/regioni\/vojvodina\/ &nbsp; Vlada Vojvodine raspisala je konkurs za nagra\u0111ivanje najboljih u\u010denika osnovnih i srednjih \u0161kola Vojvodine. Spisak pro\u0161logodi\u0161njih dobitnika ( 347 dobitnika ) mo\u017eete videti ovde https:\/\/sio.vojvodina.gov.rs\/wp-content\/uploads\/2023\/03\/Talenti-2022.pdf &nbsp; &nbsp; [&hellip;]<\/p>\n","protected":false},"author":1,"featured_media":5873,"comment_status":"closed","ping_status":"closed","sticky":false,"template":"","format":"standard","meta":{"_acf_changed":false,"footnotes":""},"categories":[55],"tags":[],"class_list":["post-11059","post","type-post","status-publish","format-standard","has-post-thumbnail","hentry","category-vesti"],"acf":[],"yoast_head":"<!-- This site is optimized with the Yoast SEO plugin v26.4 - https:\/\/yoast.com\/wordpress\/plugins\/seo\/ -->\n<title>Laureati Vojvodine - Talenti 2023 - Konkurs do utorka 31. oktobra 2023. &#8226; Takmi\u010dari generacije<\/title>\n<meta name=\"description\" content=\"U okviru pilot projekta, a na osnovu javno dostupnih informacija, koji su negde prethodno ve\u0107 objavljeni, prepoznali smo, po nama, 29 najuspe\u0161nijih\" \/>\n<meta name=\"robots\" content=\"index, follow, max-snippet:-1, max-image-preview:large, max-video-preview:-1\" \/>\n<link rel=\"canonical\" href=\"http:\/\/takmicarigeneracije.gov.rs\/sr-latn\/laureati-vojvodine-talenti-2023-konkurs-do-utorka-31-oktobra-2023-2\/\" \/>\n<meta property=\"og:locale\" content=\"en_US\" \/>\n<meta property=\"og:type\" content=\"article\" \/>\n<meta property=\"og:title\" content=\"Laureati Vojvodine - Talenti 2023 - Konkurs do utorka 31. oktobra 2023. &#8226; Takmi\u010dari generacije\" \/>\n<meta property=\"og:description\" content=\"U okviru pilot projekta, a na osnovu javno dostupnih informacija, koji su negde prethodno ve\u0107 objavljeni, prepoznali smo, po nama, 29 najuspe\u0161nijih\" \/>\n<meta property=\"og:url\" content=\"http:\/\/takmicarigeneracije.gov.rs\/sr-latn\/laureati-vojvodine-talenti-2023-konkurs-do-utorka-31-oktobra-2023-2\/\" \/>\n<meta property=\"og:site_name\" content=\"\u0422\u0430\u043a\u043c\u0438\u0447\u0430\u0440\u0438 \u0433\u0435\u043d\u0435\u0440\u0430\u0446\u0438\u0458\u0435\" \/>\n<meta property=\"article:published_time\" content=\"2023-12-12T10:29:38+00:00\" \/>\n<meta property=\"og:image\" content=\"http:\/\/takmicarigeneracije.gov.rs\/wp-content\/uploads\/2023\/09\/AP_Vojvodina.jpg\" \/>\n\t<meta property=\"og:image:width\" content=\"1129\" \/>\n\t<meta property=\"og:image:height\" content=\"595\" \/>\n\t<meta property=\"og:image:type\" content=\"image\/jpeg\" \/>\n<meta name=\"author\" content=\"Takmi\u010dari generacije\" \/>\n<meta name=\"twitter:card\" content=\"summary_large_image\" \/>\n<meta name=\"twitter:label1\" content=\"Written by\" \/>\n\t<meta name=\"twitter:data1\" content=\"Takmi\u010dari generacije\" \/>\n\t<meta name=\"twitter:label2\" content=\"Est. reading time\" \/>\n\t<meta name=\"twitter:data2\" content=\"1 minute\" \/>\n<script type=\"application\/ld+json\" class=\"yoast-schema-graph\">{\"@context\":\"https:\/\/schema.org\",\"@graph\":[{\"@type\":\"Article\",\"@id\":\"http:\/\/takmicarigeneracije.gov.rs\/sr-latn\/laureati-vojvodine-talenti-2023-konkurs-do-utorka-31-oktobra-2023-2\/#article\",\"isPartOf\":{\"@id\":\"http:\/\/takmicarigeneracije.gov.rs\/sr-latn\/laureati-vojvodine-talenti-2023-konkurs-do-utorka-31-oktobra-2023-2\/\"},\"author\":{\"name\":\"Takmi\u010dari generacije\",\"@id\":\"http:\/\/takmicarigeneracije.gov.rs\/sr-latn\/#\/schema\/person\/617070ee16890163b231c1852fdf92ed\"},\"headline\":\"Laureati Vojvodine &#8211; Talenti 2023 &#8211; Konkurs do utorka 31. oktobra 2023.\",\"datePublished\":\"2023-12-12T10:29:38+00:00\",\"mainEntityOfPage\":{\"@id\":\"http:\/\/takmicarigeneracije.gov.rs\/sr-latn\/laureati-vojvodine-talenti-2023-konkurs-do-utorka-31-oktobra-2023-2\/\"},\"wordCount\":96,\"publisher\":{\"@id\":\"http:\/\/takmicarigeneracije.gov.rs\/sr-latn\/#organization\"},\"image\":{\"@id\":\"http:\/\/takmicarigeneracije.gov.rs\/sr-latn\/laureati-vojvodine-talenti-2023-konkurs-do-utorka-31-oktobra-2023-2\/#primaryimage\"},\"thumbnailUrl\":\"http:\/\/takmicarigeneracije.gov.rs\/wp-content\/uploads\/2023\/09\/AP_Vojvodina.jpg\",\"articleSection\":[\"Vesti\"],\"inLanguage\":\"lat\"},{\"@type\":\"WebPage\",\"@id\":\"http:\/\/takmicarigeneracije.gov.rs\/sr-latn\/laureati-vojvodine-talenti-2023-konkurs-do-utorka-31-oktobra-2023-2\/\",\"url\":\"http:\/\/takmicarigeneracije.gov.rs\/sr-latn\/laureati-vojvodine-talenti-2023-konkurs-do-utorka-31-oktobra-2023-2\/\",\"name\":\"Laureati Vojvodine - Talenti 2023 - Konkurs do utorka 31. oktobra 2023. &#8226; Takmi\u010dari generacije\",\"isPartOf\":{\"@id\":\"http:\/\/takmicarigeneracije.gov.rs\/sr-latn\/#website\"},\"primaryImageOfPage\":{\"@id\":\"http:\/\/takmicarigeneracije.gov.rs\/sr-latn\/laureati-vojvodine-talenti-2023-konkurs-do-utorka-31-oktobra-2023-2\/#primaryimage\"},\"image\":{\"@id\":\"http:\/\/takmicarigeneracije.gov.rs\/sr-latn\/laureati-vojvodine-talenti-2023-konkurs-do-utorka-31-oktobra-2023-2\/#primaryimage\"},\"thumbnailUrl\":\"http:\/\/takmicarigeneracije.gov.rs\/wp-content\/uploads\/2023\/09\/AP_Vojvodina.jpg\",\"datePublished\":\"2023-12-12T10:29:38+00:00\",\"description\":\"U okviru pilot projekta, a na osnovu javno dostupnih informacija, koji su negde prethodno ve\u0107 objavljeni, prepoznali smo, po nama, 29 najuspe\u0161nijih\",\"breadcrumb\":{\"@id\":\"http:\/\/takmicarigeneracije.gov.rs\/sr-latn\/laureati-vojvodine-talenti-2023-konkurs-do-utorka-31-oktobra-2023-2\/#breadcrumb\"},\"inLanguage\":\"lat\",\"potentialAction\":[{\"@type\":\"ReadAction\",\"target\":[\"http:\/\/takmicarigeneracije.gov.rs\/sr-latn\/laureati-vojvodine-talenti-2023-konkurs-do-utorka-31-oktobra-2023-2\/\"]}]},{\"@type\":\"ImageObject\",\"inLanguage\":\"lat\",\"@id\":\"http:\/\/takmicarigeneracije.gov.rs\/sr-latn\/laureati-vojvodine-talenti-2023-konkurs-do-utorka-31-oktobra-2023-2\/#primaryimage\",\"url\":\"http:\/\/takmicarigeneracije.gov.rs\/wp-content\/uploads\/2023\/09\/AP_Vojvodina.jpg\",\"contentUrl\":\"http:\/\/takmicarigeneracije.gov.rs\/wp-content\/uploads\/2023\/09\/AP_Vojvodina.jpg\",\"width\":1129,\"height\":595,\"caption\":\"AP_Vojvodina\"},{\"@type\":\"BreadcrumbList\",\"@id\":\"http:\/\/takmicarigeneracije.gov.rs\/sr-latn\/laureati-vojvodine-talenti-2023-konkurs-do-utorka-31-oktobra-2023-2\/#breadcrumb\",\"itemListElement\":[{\"@type\":\"ListItem\",\"position\":1,\"name\":\"Po\u010detna\",\"item\":\"http:\/\/takmicarigeneracije.gov.rs\/sr-latn\/\"},{\"@type\":\"ListItem\",\"position\":2,\"name\":\"Laureati Vojvodine &#8211; Talenti 2023 &#8211; Konkurs do utorka 31. oktobra 2023.\"}]},{\"@type\":\"WebSite\",\"@id\":\"http:\/\/takmicarigeneracije.gov.rs\/sr-latn\/#website\",\"url\":\"http:\/\/takmicarigeneracije.gov.rs\/sr-latn\/\",\"name\":\"\u0422\u0430\u043a\u043c\u0438\u0447\u0430\u0440\u0438 \u0433\u0435\u043d\u0435\u0440\u0430\u0446\u0438\u0458\u0435\",\"description\":\"\u041e\u0432\u0434\u0435 \u0441\u043c\u043e \u0434\u0430 \u043f\u043e\u0434\u0440\u0436\u0438\u043c\u043e \u0443\u0441\u043f\u0435\u0445\u0435.\",\"publisher\":{\"@id\":\"http:\/\/takmicarigeneracije.gov.rs\/sr-latn\/#organization\"},\"alternateName\":\"\u0422\u0430\u043a\u043c\u0438\u0447\u0430\u0440\u0438 \u0433\u0435\u043d\u0435\u0440\u0430\u0446\u0438\u0458\u0435\",\"potentialAction\":[{\"@type\":\"SearchAction\",\"target\":{\"@type\":\"EntryPoint\",\"urlTemplate\":\"http:\/\/takmicarigeneracije.gov.rs\/sr-latn\/?s={search_term_string}\"},\"query-input\":{\"@type\":\"PropertyValueSpecification\",\"valueRequired\":true,\"valueName\":\"search_term_string\"}}],\"inLanguage\":\"lat\"},{\"@type\":\"Organization\",\"@id\":\"http:\/\/takmicarigeneracije.gov.rs\/sr-latn\/#organization\",\"name\":\"Takmi\u010dari generacije\",\"alternateName\":\"\u0422\u0430\u043a\u043c\u0438\u0447\u0430\u0440\u0438 \u0433\u0435\u043d\u0435\u0440\u0430\u0446\u0438\u0458\u0435\",\"url\":\"http:\/\/takmicarigeneracije.gov.rs\/sr-latn\/\",\"logo\":{\"@type\":\"ImageObject\",\"inLanguage\":\"lat\",\"@id\":\"http:\/\/takmicarigeneracije.gov.rs\/sr-latn\/#\/schema\/logo\/image\/\",\"url\":\"http:\/\/takmicarigeneracije.gov.rs\/wp-content\/uploads\/2023\/11\/generacije-logo.svg\",\"contentUrl\":\"http:\/\/takmicarigeneracije.gov.rs\/wp-content\/uploads\/2023\/11\/generacije-logo.svg\",\"width\":169,\"height\":34,\"caption\":\"Takmi\u010dari generacije\"},\"image\":{\"@id\":\"http:\/\/takmicarigeneracije.gov.rs\/sr-latn\/#\/schema\/logo\/image\/\"}},{\"@type\":\"Person\",\"@id\":\"http:\/\/takmicarigeneracije.gov.rs\/sr-latn\/#\/schema\/person\/617070ee16890163b231c1852fdf92ed\",\"name\":\"Takmi\u010dari generacije\",\"image\":{\"@type\":\"ImageObject\",\"inLanguage\":\"lat\",\"@id\":\"http:\/\/takmicarigeneracije.gov.rs\/sr-latn\/#\/schema\/person\/image\/\",\"url\":\"https:\/\/secure.gravatar.com\/avatar\/3fff15f7b53fdb36e65c9147d2e5a266?s=96&d=mm&r=g\",\"contentUrl\":\"https:\/\/secure.gravatar.com\/avatar\/3fff15f7b53fdb36e65c9147d2e5a266?s=96&d=mm&r=g\",\"caption\":\"Takmi\u010dari generacije\"},\"sameAs\":[\"http:\/\/takmicarigeneracije.gov.rs\"]}]}<\/script>\n<!-- \/ Yoast SEO plugin. -->","yoast_head_json":{"title":"Laureati Vojvodine - Talenti 2023 - Konkurs do utorka 31. oktobra 2023. &#8226; Takmi\u010dari generacije","description":"U okviru pilot projekta, a na osnovu javno dostupnih informacija, koji su negde prethodno ve\u0107 objavljeni, prepoznali smo, po nama, 29 najuspe\u0161nijih","robots":{"index":"index","follow":"follow","max-snippet":"max-snippet:-1","max-image-preview":"max-image-preview:large","max-video-preview":"max-video-preview:-1"},"canonical":"http:\/\/takmicarigeneracije.gov.rs\/sr-latn\/laureati-vojvodine-talenti-2023-konkurs-do-utorka-31-oktobra-2023-2\/","og_locale":"en_US","og_type":"article","og_title":"Laureati Vojvodine - Talenti 2023 - Konkurs do utorka 31. oktobra 2023. &#8226; Takmi\u010dari generacije","og_description":"U okviru pilot projekta, a na osnovu javno dostupnih informacija, koji su negde prethodno ve\u0107 objavljeni, prepoznali smo, po nama, 29 najuspe\u0161nijih","og_url":"http:\/\/takmicarigeneracije.gov.rs\/sr-latn\/laureati-vojvodine-talenti-2023-konkurs-do-utorka-31-oktobra-2023-2\/","og_site_name":"\u0422\u0430\u043a\u043c\u0438\u0447\u0430\u0440\u0438 \u0433\u0435\u043d\u0435\u0440\u0430\u0446\u0438\u0458\u0435","article_published_time":"2023-12-12T10:29:38+00:00","og_image":[{"width":1129,"height":595,"url":"http:\/\/takmicarigeneracije.gov.rs\/wp-content\/uploads\/2023\/09\/AP_Vojvodina.jpg","type":"image\/jpeg"}],"author":"Takmi\u010dari generacije","twitter_card":"summary_large_image","twitter_misc":{"Written by":"Takmi\u010dari generacije","Est. reading time":"1 minute"},"schema":{"@context":"https:\/\/schema.org","@graph":[{"@type":"Article","@id":"http:\/\/takmicarigeneracije.gov.rs\/sr-latn\/laureati-vojvodine-talenti-2023-konkurs-do-utorka-31-oktobra-2023-2\/#article","isPartOf":{"@id":"http:\/\/takmicarigeneracije.gov.rs\/sr-latn\/laureati-vojvodine-talenti-2023-konkurs-do-utorka-31-oktobra-2023-2\/"},"author":{"name":"Takmi\u010dari generacije","@id":"http:\/\/takmicarigeneracije.gov.rs\/sr-latn\/#\/schema\/person\/617070ee16890163b231c1852fdf92ed"},"headline":"Laureati Vojvodine &#8211; Talenti 2023 &#8211; Konkurs do utorka 31. oktobra 2023.","datePublished":"2023-12-12T10:29:38+00:00","mainEntityOfPage":{"@id":"http:\/\/takmicarigeneracije.gov.rs\/sr-latn\/laureati-vojvodine-talenti-2023-konkurs-do-utorka-31-oktobra-2023-2\/"},"wordCount":96,"publisher":{"@id":"http:\/\/takmicarigeneracije.gov.rs\/sr-latn\/#organization"},"image":{"@id":"http:\/\/takmicarigeneracije.gov.rs\/sr-latn\/laureati-vojvodine-talenti-2023-konkurs-do-utorka-31-oktobra-2023-2\/#primaryimage"},"thumbnailUrl":"http:\/\/takmicarigeneracije.gov.rs\/wp-content\/uploads\/2023\/09\/AP_Vojvodina.jpg","articleSection":["Vesti"],"inLanguage":"lat"},{"@type":"WebPage","@id":"http:\/\/takmicarigeneracije.gov.rs\/sr-latn\/laureati-vojvodine-talenti-2023-konkurs-do-utorka-31-oktobra-2023-2\/","url":"http:\/\/takmicarigeneracije.gov.rs\/sr-latn\/laureati-vojvodine-talenti-2023-konkurs-do-utorka-31-oktobra-2023-2\/","name":"Laureati Vojvodine - Talenti 2023 - Konkurs do utorka 31. oktobra 2023. &#8226; Takmi\u010dari generacije","isPartOf":{"@id":"http:\/\/takmicarigeneracije.gov.rs\/sr-latn\/#website"},"primaryImageOfPage":{"@id":"http:\/\/takmicarigeneracije.gov.rs\/sr-latn\/laureati-vojvodine-talenti-2023-konkurs-do-utorka-31-oktobra-2023-2\/#primaryimage"},"image":{"@id":"http:\/\/takmicarigeneracije.gov.rs\/sr-latn\/laureati-vojvodine-talenti-2023-konkurs-do-utorka-31-oktobra-2023-2\/#primaryimage"},"thumbnailUrl":"http:\/\/takmicarigeneracije.gov.rs\/wp-content\/uploads\/2023\/09\/AP_Vojvodina.jpg","datePublished":"2023-12-12T10:29:38+00:00","description":"U okviru pilot projekta, a na osnovu javno dostupnih informacija, koji su negde prethodno ve\u0107 objavljeni, prepoznali smo, po nama, 29 najuspe\u0161nijih","breadcrumb":{"@id":"http:\/\/takmicarigeneracije.gov.rs\/sr-latn\/laureati-vojvodine-talenti-2023-konkurs-do-utorka-31-oktobra-2023-2\/#breadcrumb"},"inLanguage":"lat","potentialAction":[{"@type":"ReadAction","target":["http:\/\/takmicarigeneracije.gov.rs\/sr-latn\/laureati-vojvodine-talenti-2023-konkurs-do-utorka-31-oktobra-2023-2\/"]}]},{"@type":"ImageObject","inLanguage":"lat","@id":"http:\/\/takmicarigeneracije.gov.rs\/sr-latn\/laureati-vojvodine-talenti-2023-konkurs-do-utorka-31-oktobra-2023-2\/#primaryimage","url":"http:\/\/takmicarigeneracije.gov.rs\/wp-content\/uploads\/2023\/09\/AP_Vojvodina.jpg","contentUrl":"http:\/\/takmicarigeneracije.gov.rs\/wp-content\/uploads\/2023\/09\/AP_Vojvodina.jpg","width":1129,"height":595,"caption":"AP_Vojvodina"},{"@type":"BreadcrumbList","@id":"http:\/\/takmicarigeneracije.gov.rs\/sr-latn\/laureati-vojvodine-talenti-2023-konkurs-do-utorka-31-oktobra-2023-2\/#breadcrumb","itemListElement":[{"@type":"ListItem","position":1,"name":"Po\u010detna","item":"http:\/\/takmicarigeneracije.gov.rs\/sr-latn\/"},{"@type":"ListItem","position":2,"name":"Laureati Vojvodine &#8211; Talenti 2023 &#8211; Konkurs do utorka 31. oktobra 2023."}]},{"@type":"WebSite","@id":"http:\/\/takmicarigeneracije.gov.rs\/sr-latn\/#website","url":"http:\/\/takmicarigeneracije.gov.rs\/sr-latn\/","name":"\u0422\u0430\u043a\u043c\u0438\u0447\u0430\u0440\u0438 \u0433\u0435\u043d\u0435\u0440\u0430\u0446\u0438\u0458\u0435","description":"\u041e\u0432\u0434\u0435 \u0441\u043c\u043e \u0434\u0430 \u043f\u043e\u0434\u0440\u0436\u0438\u043c\u043e \u0443\u0441\u043f\u0435\u0445\u0435.","publisher":{"@id":"http:\/\/takmicarigeneracije.gov.rs\/sr-latn\/#organization"},"alternateName":"\u0422\u0430\u043a\u043c\u0438\u0447\u0430\u0440\u0438 \u0433\u0435\u043d\u0435\u0440\u0430\u0446\u0438\u0458\u0435","potentialAction":[{"@type":"SearchAction","target":{"@type":"EntryPoint","urlTemplate":"http:\/\/takmicarigeneracije.gov.rs\/sr-latn\/?s={search_term_string}"},"query-input":{"@type":"PropertyValueSpecification","valueRequired":true,"valueName":"search_term_string"}}],"inLanguage":"lat"},{"@type":"Organization","@id":"http:\/\/takmicarigeneracije.gov.rs\/sr-latn\/#organization","name":"Takmi\u010dari generacije","alternateName":"\u0422\u0430\u043a\u043c\u0438\u0447\u0430\u0440\u0438 \u0433\u0435\u043d\u0435\u0440\u0430\u0446\u0438\u0458\u0435","url":"http:\/\/takmicarigeneracije.gov.rs\/sr-latn\/","logo":{"@type":"ImageObject","inLanguage":"lat","@id":"http:\/\/takmicarigeneracije.gov.rs\/sr-latn\/#\/schema\/logo\/image\/","url":"http:\/\/takmicarigeneracije.gov.rs\/wp-content\/uploads\/2023\/11\/generacije-logo.svg","contentUrl":"http:\/\/takmicarigeneracije.gov.rs\/wp-content\/uploads\/2023\/11\/generacije-logo.svg","width":169,"height":34,"caption":"Takmi\u010dari generacije"},"image":{"@id":"http:\/\/takmicarigeneracije.gov.rs\/sr-latn\/#\/schema\/logo\/image\/"}},{"@type":"Person","@id":"http:\/\/takmicarigeneracije.gov.rs\/sr-latn\/#\/schema\/person\/617070ee16890163b231c1852fdf92ed","name":"Takmi\u010dari generacije","image":{"@type":"ImageObject","inLanguage":"lat","@id":"http:\/\/takmicarigeneracije.gov.rs\/sr-latn\/#\/schema\/person\/image\/","url":"https:\/\/secure.gravatar.com\/avatar\/3fff15f7b53fdb36e65c9147d2e5a266?s=96&d=mm&r=g","contentUrl":"https:\/\/secure.gravatar.com\/avatar\/3fff15f7b53fdb36e65c9147d2e5a266?s=96&d=mm&r=g","caption":"Takmi\u010dari generacije"},"sameAs":["http:\/\/takmicarigeneracije.gov.rs"]}]}},"_links":{"self":[{"href":"http:\/\/takmicarigeneracije.gov.rs\/sr-latn\/wp-json\/wp\/v2\/posts\/11059","targetHints":{"allow":["GET"]}}],"collection":[{"href":"http:\/\/takmicarigeneracije.gov.rs\/sr-latn\/wp-json\/wp\/v2\/posts"}],"about":[{"href":"http:\/\/takmicarigeneracije.gov.rs\/sr-latn\/wp-json\/wp\/v2\/types\/post"}],"author":[{"embeddable":true,"href":"http:\/\/takmicarigeneracije.gov.rs\/sr-latn\/wp-json\/wp\/v2\/users\/1"}],"replies":[{"embeddable":true,"href":"http:\/\/takmicarigeneracije.gov.rs\/sr-latn\/wp-json\/wp\/v2\/comments?post=11059"}],"version-history":[{"count":0,"href":"http:\/\/takmicarigeneracije.gov.rs\/sr-latn\/wp-json\/wp\/v2\/posts\/11059\/revisions"}],"wp:featuredmedia":[{"embeddable":true,"href":"http:\/\/takmicarigeneracije.gov.rs\/sr-latn\/wp-json\/wp\/v2\/media\/5873"}],"wp:attachment":[{"href":"http:\/\/takmicarigeneracije.gov.rs\/sr-latn\/wp-json\/wp\/v2\/media?parent=11059"}],"wp:term":[{"taxonomy":"category","embeddable":true,"href":"http:\/\/takmicarigeneracije.gov.rs\/sr-latn\/wp-json\/wp\/v2\/categories?post=11059"},{"taxonomy":"post_tag","embeddable":true,"href":"http:\/\/takmicarigeneracije.gov.rs\/sr-latn\/wp-json\/wp\/v2\/tags?post=11059"}],"curies":[{"name":"wp","href":"https:\/\/api.w.org\/{rel}","templated":true}]}}